{"id":982,"date":"2009-12-07T12:47:54","date_gmt":"2009-12-07T11:47:54","guid":{"rendered":"http:\/\/www.gegenstrom.net\/wordpress\/?p=982"},"modified":"2009-12-07T12:57:33","modified_gmt":"2009-12-07T11:57:33","slug":"arbeitszeitverkurzung-mit-teil-lohnausgleich","status":"publish","type":"post","link":"https:\/\/www.gegenstrom.net\/wordpress\/2009\/12\/07\/arbeitszeitverkurzung-mit-teil-lohnausgleich\/","title":{"rendered":"Arbeitszeitverk\u00fcrzung mit Teil-Lohnausgleich"},"content":{"rendered":"<p>Jahrelang wurde Arbeitszeitverk\u00fcrzung als &#8222;wirtschaftsfeindlich&#8220; gebrandmarkt. Die IG Metall hat nun dieses Thema wieder ins Spiel gebracht &#8211; mit ihrem Angebot, den Tarifvertrag zur Arbeitsplatzsicherung aus dem Jahr 1995 (Verk\u00fcrzung der Arbeitszeit um 3 Stunden w\u00f6chentlich ohne Lohnausgleich) so zu modifizieren, dass zum Arbeitsplatzerhalt die w\u00f6chentliche Arbeitszeit auf 28 Stunden abgesenkt werden k\u00f6nnte &#8211; wobei es die Besch\u00e4ftigten daf\u00fcr auf drei Viertel des sonst in dieser Zeit gezahlten Lohnes verzichten m\u00fcssten.<\/p>\n<p>Hintergrund sind die guten Erfahrungen der Metallbranche mit der Kurzarbeit in der Krise. Deshalb flankiert die IG Metall ihr Arbeitszeitverk\u00fcrzungskonzept auch mit der Forderung, die Politik m\u00f6ge solche Formen der tariflichen Besch\u00e4ftigungssicherung \u00fcber die Arbeitsagentur arbeitsmarktpolitisch mitfinanzieren.<\/p>\n","protected":false},"excerpt":{"rendered":"<p>Jahrelang wurde Arbeitszeitverk\u00fcrzung als &#8222;wirtschaftsfeindlich&#8220; gebrandmarkt. Die IG Metall hat nun dieses Thema wieder ins Spiel gebracht &#8211; mit ihrem Angebot, den Tarifvertrag zur Arbeitsplatzsicherung aus dem Jahr 1995 (Verk\u00fcrzung der Arbeitszeit um 3 Stunden w\u00f6chentlich ohne Lohnausgleich) so zu modifizieren, dass zum Arbeitsplatzerhalt die w\u00f6chentliche Arbeitszeit auf 28 Stunden abgesenkt werden k\u00f6nnte &#8211; wobei [&hellip;]<\/p>\n","protected":false},"author":1,"featured_media":0,"comment_status":"open","ping_status":"closed","sticky":false,"template":"","format":"standard","meta":{"footnotes":""},"categories":[4,25],"tags":[28,76,634,16,253],"class_list":["post-982","post","type-post","status-publish","format-standard","hentry","category-ueberfluessige","category-zumutungen","tag-arbeitszeit","tag-arbeitszeitverkurzung","tag-beschaftigungssicherung","tag-ig-metall","tag-lohn"],"_links":{"self":[{"href":"https:\/\/www.gegenstrom.net\/wordpress\/wp-json\/wp\/v2\/posts\/982"}],"collection":[{"href":"https:\/\/www.gegenstrom.net\/wordpress\/wp-json\/wp\/v2\/posts"}],"about":[{"href":"https:\/\/www.gegenstrom.net\/wordpress\/wp-json\/wp\/v2\/types\/post"}],"author":[{"embeddable":true,"href":"https:\/\/www.gegenstrom.net\/wordpress\/wp-json\/wp\/v2\/users\/1"}],"replies":[{"embeddable":true,"href":"https:\/\/www.gegenstrom.net\/wordpress\/wp-json\/wp\/v2\/comments?post=982"}],"version-history":[{"count":3,"href":"https:\/\/www.gegenstrom.net\/wordpress\/wp-json\/wp\/v2\/posts\/982\/revisions"}],"predecessor-version":[{"id":984,"href":"https:\/\/www.gegenstrom.net\/wordpress\/wp-json\/wp\/v2\/posts\/982\/revisions\/984"}],"wp:attachment":[{"href":"https:\/\/www.gegenstrom.net\/wordpress\/wp-json\/wp\/v2\/media?parent=982"}],"wp:term":[{"taxonomy":"category","embeddable":true,"href":"https:\/\/www.gegenstrom.net\/wordpress\/wp-json\/wp\/v2\/categories?post=982"},{"taxonomy":"post_tag","embeddable":true,"href":"https:\/\/www.gegenstrom.net\/wordpress\/wp-json\/wp\/v2\/tags?post=982"}],"curies":[{"name":"wp","href":"https:\/\/api.w.org\/{rel}","templated":true}]}}