{"id":888,"date":"2009-11-04T11:46:40","date_gmt":"2009-11-04T10:46:40","guid":{"rendered":"http:\/\/www.gegenstrom.net\/wordpress\/?p=888"},"modified":"2009-11-04T11:46:40","modified_gmt":"2009-11-04T10:46:40","slug":"weniger-diaten-fur-abgeordnete","status":"publish","type":"post","link":"https:\/\/www.gegenstrom.net\/wordpress\/2009\/11\/04\/weniger-diaten-fur-abgeordnete\/","title":{"rendered":"Weniger Di\u00e4ten f\u00fcr Abgeordnete"},"content":{"rendered":"<p>Noch im Juli stiegen die Di\u00e4ten der 129 baden-w\u00fcrttembergischen Landtagsabgeordneten um 2,69 Prozent auf 5125 Euro brutto monatlich. Die &#8222;Teilzeitparlamentarier&#8220; des &#8222;L\u00e4ndle&#8220; m\u00fcssen sich aber darauf einrichten, dass ihre Di\u00e4ten im n\u00e4chsten Jahr sinken.<\/p>\n<p>Der Grund: Um der \u00f6ffentlichen Debatte um Di\u00e4tenerh\u00f6hungen zu entgehen hatten die Abgeordneten beschlossen, ihre Bez\u00fcge j\u00e4hrlich automatisch &#8222;entsprechend&#8220; der wirtschaftlichen Entwicklung anzupassen. Dazu wird eine Berechnung gemacht, in die zu fast 90 Prozent der durchschnittliche Bruttomonatsverdienst der vollzeitbesch\u00e4ftigten Arbeitnehmer einflie\u00dft. Und der sinkt in Baden-W\u00fcrttemberg wegen der Kurzarbeit in der Autoindustrie und den exportorientierten Industrien. So profitieren die Politiker mal nicht automatisch von den Tariferh\u00f6hungen in den gutverdienenden Facharbeiterbereichen, sondern m\u00fcssen auch den Malus der Effektivlohnsenkung hinnehmen.<\/p>\n<p><em>Quelle: S\u00fcdwest Presse 12.10.2009<\/em><\/p>\n","protected":false},"excerpt":{"rendered":"<p>Noch im Juli stiegen die Di\u00e4ten der 129 baden-w\u00fcrttembergischen Landtagsabgeordneten um 2,69 Prozent auf 5125 Euro brutto monatlich. Die &#8222;Teilzeitparlamentarier&#8220; des &#8222;L\u00e4ndle&#8220; m\u00fcssen sich aber darauf einrichten, dass ihre Di\u00e4ten im n\u00e4chsten Jahr sinken. Der Grund: Um der \u00f6ffentlichen Debatte um Di\u00e4tenerh\u00f6hungen zu entgehen hatten die Abgeordneten beschlossen, ihre Bez\u00fcge j\u00e4hrlich automatisch &#8222;entsprechend&#8220; der wirtschaftlichen [&hellip;]<\/p>\n","protected":false},"author":1,"featured_media":0,"comment_status":"open","ping_status":"closed","sticky":false,"template":"","format":"standard","meta":{"footnotes":""},"categories":[166,480],"tags":[595,594],"class_list":["post-888","post","type-post","status-publish","format-standard","hentry","category-kurioses","category-polittheater","tag-abgeordnete","tag-diaten"],"_links":{"self":[{"href":"https:\/\/www.gegenstrom.net\/wordpress\/wp-json\/wp\/v2\/posts\/888"}],"collection":[{"href":"https:\/\/www.gegenstrom.net\/wordpress\/wp-json\/wp\/v2\/posts"}],"about":[{"href":"https:\/\/www.gegenstrom.net\/wordpress\/wp-json\/wp\/v2\/types\/post"}],"author":[{"embeddable":true,"href":"https:\/\/www.gegenstrom.net\/wordpress\/wp-json\/wp\/v2\/users\/1"}],"replies":[{"embeddable":true,"href":"https:\/\/www.gegenstrom.net\/wordpress\/wp-json\/wp\/v2\/comments?post=888"}],"version-history":[{"count":2,"href":"https:\/\/www.gegenstrom.net\/wordpress\/wp-json\/wp\/v2\/posts\/888\/revisions"}],"predecessor-version":[{"id":890,"href":"https:\/\/www.gegenstrom.net\/wordpress\/wp-json\/wp\/v2\/posts\/888\/revisions\/890"}],"wp:attachment":[{"href":"https:\/\/www.gegenstrom.net\/wordpress\/wp-json\/wp\/v2\/media?parent=888"}],"wp:term":[{"taxonomy":"category","embeddable":true,"href":"https:\/\/www.gegenstrom.net\/wordpress\/wp-json\/wp\/v2\/categories?post=888"},{"taxonomy":"post_tag","embeddable":true,"href":"https:\/\/www.gegenstrom.net\/wordpress\/wp-json\/wp\/v2\/tags?post=888"}],"curies":[{"name":"wp","href":"https:\/\/api.w.org\/{rel}","templated":true}]}}