{"id":835,"date":"2009-10-24T07:49:35","date_gmt":"2009-10-24T05:49:35","guid":{"rendered":"http:\/\/www.gegenstrom.net\/wordpress\/?p=835"},"modified":"2009-10-24T07:49:35","modified_gmt":"2009-10-24T05:49:35","slug":"hurra-die-kopfpauschale-ist-da","status":"publish","type":"post","link":"https:\/\/www.gegenstrom.net\/wordpress\/2009\/10\/24\/hurra-die-kopfpauschale-ist-da\/","title":{"rendered":"Hurra, die Kopfpauschale ist da!"},"content":{"rendered":"<p>Jetzt haben Merkel und Westerwelle also geschafft, was sie schon 2005 versprochen hatten: Die Zerst\u00f6rung der solidarischen, parit\u00e4tisch finanzierten Krankenversicherung mit Hilfe der so genannten Kopfpauschale.<\/p>\n<p>Bei allen vorangegangenen Finanzierungs\u00e4nderungen &#8211; von der Einf\u00fchrung der Zuzahlungen f\u00fcr Arzneimittel \u00fcber die Praxisgeb\u00fchr bis hin zum Gesundheitsfonds &#8211; blieb das Prinzip unangetatstet: Arbeitnehmer und Arbeitgeber finanzieren das Gesundheitssystem je zur H\u00e4lfte.<\/p>\n<p>In Zukunft wird der Beitrag der Arbeitgeber bei 7 Prozent des Bruttolohns (bis zur Beitragsbemessungsgrenze von 3750 Euro &#8211; also maximal 262,50 Euro) begrenzt. Und alle Mehrkosten tragen die B\u00fcrger. Damit den Arbeitnehmern dann nicht sofort auff\u00e4llt, dass sie jetzt &#8222;weniger Netto vom Brutto&#8220; haben &#8211; ganz in der erwartbaren Umkehrung des FDP-Wahlslogans (&#8222;mehr Netto vom Brutto&#8220; gilt nur f\u00fcr Top-Verdiener, die z.B. vom erh\u00f6hten Kinderfreibetrag profitieren, w\u00e4hrend Hartz-IV-Kinder das erh\u00f6hte Kindergeld voll auf ihren vermutlich verfassungswidrig festgelegten Regelsatz angerechnet bekommen) &#8211; wird das Gesundheitssystem mit Hilfe von Steuergeldern auch noch privatisiert (zur Freude der Versicherungswirtschaft und der Gesundheitsindustrie). Das l\u00e4uft dann unter dem Stichwort &#8222;Verlagerung in die Steuerfinanzierung&#8220;, &#8222;Regionalisierung&#8220;, &#8222;mehr Wettbewerb&#8220;.<\/p>\n<p>Der Abbau der Sozialversicherung auf der Basis der neoliberalen Ideologie schreitet munter voran.<\/p>\n","protected":false},"excerpt":{"rendered":"<p>Jetzt haben Merkel und Westerwelle also geschafft, was sie schon 2005 versprochen hatten: Die Zerst\u00f6rung der solidarischen, parit\u00e4tisch finanzierten Krankenversicherung mit Hilfe der so genannten Kopfpauschale. Bei allen vorangegangenen Finanzierungs\u00e4nderungen &#8211; von der Einf\u00fchrung der Zuzahlungen f\u00fcr Arzneimittel \u00fcber die Praxisgeb\u00fchr bis hin zum Gesundheitsfonds &#8211; blieb das Prinzip unangetatstet: Arbeitnehmer und Arbeitgeber finanzieren das [&hellip;]<\/p>\n","protected":false},"author":1,"featured_media":0,"comment_status":"open","ping_status":"closed","sticky":false,"template":"","format":"standard","meta":{"footnotes":""},"categories":[5,4,480],"tags":[22,23,24,578,411,405],"class_list":["post-835","post","type-post","status-publish","format-standard","hentry","category-ansagen","category-ueberfluessige","category-polittheater","tag-cdu","tag-csu","tag-fdp","tag-kindergeld","tag-krankenversicherung","tag-sozialversicherung"],"_links":{"self":[{"href":"https:\/\/www.gegenstrom.net\/wordpress\/wp-json\/wp\/v2\/posts\/835"}],"collection":[{"href":"https:\/\/www.gegenstrom.net\/wordpress\/wp-json\/wp\/v2\/posts"}],"about":[{"href":"https:\/\/www.gegenstrom.net\/wordpress\/wp-json\/wp\/v2\/types\/post"}],"author":[{"embeddable":true,"href":"https:\/\/www.gegenstrom.net\/wordpress\/wp-json\/wp\/v2\/users\/1"}],"replies":[{"embeddable":true,"href":"https:\/\/www.gegenstrom.net\/wordpress\/wp-json\/wp\/v2\/comments?post=835"}],"version-history":[{"count":1,"href":"https:\/\/www.gegenstrom.net\/wordpress\/wp-json\/wp\/v2\/posts\/835\/revisions"}],"predecessor-version":[{"id":836,"href":"https:\/\/www.gegenstrom.net\/wordpress\/wp-json\/wp\/v2\/posts\/835\/revisions\/836"}],"wp:attachment":[{"href":"https:\/\/www.gegenstrom.net\/wordpress\/wp-json\/wp\/v2\/media?parent=835"}],"wp:term":[{"taxonomy":"category","embeddable":true,"href":"https:\/\/www.gegenstrom.net\/wordpress\/wp-json\/wp\/v2\/categories?post=835"},{"taxonomy":"post_tag","embeddable":true,"href":"https:\/\/www.gegenstrom.net\/wordpress\/wp-json\/wp\/v2\/tags?post=835"}],"curies":[{"name":"wp","href":"https:\/\/api.w.org\/{rel}","templated":true}]}}