{"id":785,"date":"2009-10-10T15:42:01","date_gmt":"2009-10-10T13:42:01","guid":{"rendered":"http:\/\/www.gegenstrom.net\/wordpress\/?p=785"},"modified":"2009-10-10T15:42:01","modified_gmt":"2009-10-10T13:42:01","slug":"atomkraftwerke-gefahrden-klima","status":"publish","type":"post","link":"https:\/\/www.gegenstrom.net\/wordpress\/2009\/10\/10\/atomkraftwerke-gefahrden-klima\/","title":{"rendered":"Atomkraftwerke gef\u00e4hrden Klima"},"content":{"rendered":"<p>Die &#8222;Frankfurter Rundschau&#8220; (9.10.2009) analysiert, dass die Verl\u00e4ngerung der Laufzeiten f\u00fcr die deutschen Atomkraftwerke die Klimaschutz-Ziele der schwarz-gelben Regierung (30 Prozent &#8222;\u00d6kostrom&#8220; bis 2020) gef\u00e4hrden &#8211; und zwar aus folgenden Gr\u00fcnden:<\/p>\n<ul>\n<li>Der geplante Fonds f\u00fcr erneuerbare Energien, der sich aus den Gewinnen der l\u00e4nger laufenden Atomkraftwerke speisen soll, w\u00fcrde dazu f\u00fchren, dass die gro\u00dfen Stromkonzerne (RWE,Vatenfall,EnBW) gegen\u00fcber kleineren \u00d6kostromanbietern einen Konkurrenzvorteil h\u00e4tten.<\/li>\n<li>L\u00e4ngere Atomkraftwerks-Laufzeiten blockieren den Ausbau der Windenergie. Die Atomkonzerne besitzen 70 Prozent der Rechte zum Bau von Offshore-Windparks im k\u00fcstenfernen Meer. Diese Investitionen w\u00fcrden nicht get\u00e4tigt, wenn die Konzerne l\u00e4nger als bislang festgeschrieben Gewinne aus ihren abgeschriebenen Atomkraftwerken ziehen k\u00f6nnten. Denn beides Zusammen: Wind und Atom w\u00fcrde zu Strom-\u00dcberkapazit\u00e4ten f\u00fchren &#8211; mit der Folge, dass die Stromkonzerne selbst f\u00fcr Strompreissenkungen infolge \u00dcberangebots sorgen w\u00fcrden &#8211; was wiederum die Einsparungsbem\u00fchungen unterlaufen w\u00fcrde. Dies k\u00f6nnte laut Umweltbundesamt (UBA) nur vermeiden werden, wenn gleichzeitig weniger Emissionszertifikate auf den Markt k\u00e4men &#8211; was nicht zu erwarten ist.<\/li>\n<\/ul>\n","protected":false},"excerpt":{"rendered":"<p>Die &#8222;Frankfurter Rundschau&#8220; (9.10.2009) analysiert, dass die Verl\u00e4ngerung der Laufzeiten f\u00fcr die deutschen Atomkraftwerke die Klimaschutz-Ziele der schwarz-gelben Regierung (30 Prozent &#8222;\u00d6kostrom&#8220; bis 2020) gef\u00e4hrden &#8211; und zwar aus folgenden Gr\u00fcnden: Der geplante Fonds f\u00fcr erneuerbare Energien, der sich aus den Gewinnen der l\u00e4nger laufenden Atomkraftwerke speisen soll, w\u00fcrde dazu f\u00fchren, dass die gro\u00dfen Stromkonzerne [&hellip;]<\/p>\n","protected":false},"author":1,"featured_media":0,"comment_status":"open","ping_status":"closed","sticky":false,"template":"","format":"standard","meta":{"footnotes":""},"categories":[6,480],"tags":[559,531,22,24,460,487,560,561],"class_list":["post-785","post","type-post","status-publish","format-standard","hentry","category-eis","category-polittheater","tag-akw","tag-atomkraftwerke","tag-cdu","tag-fdp","tag-klima","tag-klimaschutz","tag-uba","tag-umweltbundesamt"],"_links":{"self":[{"href":"https:\/\/www.gegenstrom.net\/wordpress\/wp-json\/wp\/v2\/posts\/785"}],"collection":[{"href":"https:\/\/www.gegenstrom.net\/wordpress\/wp-json\/wp\/v2\/posts"}],"about":[{"href":"https:\/\/www.gegenstrom.net\/wordpress\/wp-json\/wp\/v2\/types\/post"}],"author":[{"embeddable":true,"href":"https:\/\/www.gegenstrom.net\/wordpress\/wp-json\/wp\/v2\/users\/1"}],"replies":[{"embeddable":true,"href":"https:\/\/www.gegenstrom.net\/wordpress\/wp-json\/wp\/v2\/comments?post=785"}],"version-history":[{"count":2,"href":"https:\/\/www.gegenstrom.net\/wordpress\/wp-json\/wp\/v2\/posts\/785\/revisions"}],"predecessor-version":[{"id":787,"href":"https:\/\/www.gegenstrom.net\/wordpress\/wp-json\/wp\/v2\/posts\/785\/revisions\/787"}],"wp:attachment":[{"href":"https:\/\/www.gegenstrom.net\/wordpress\/wp-json\/wp\/v2\/media?parent=785"}],"wp:term":[{"taxonomy":"category","embeddable":true,"href":"https:\/\/www.gegenstrom.net\/wordpress\/wp-json\/wp\/v2\/categories?post=785"},{"taxonomy":"post_tag","embeddable":true,"href":"https:\/\/www.gegenstrom.net\/wordpress\/wp-json\/wp\/v2\/tags?post=785"}],"curies":[{"name":"wp","href":"https:\/\/api.w.org\/{rel}","templated":true}]}}