{"id":529,"date":"2009-08-28T18:00:11","date_gmt":"2009-08-28T16:00:11","guid":{"rendered":"http:\/\/www.gegenstrom.net\/wordpress\/?p=529"},"modified":"2009-08-28T15:19:40","modified_gmt":"2009-08-28T13:19:40","slug":"nazis-mit-privater-krankenversicherung","status":"publish","type":"post","link":"https:\/\/www.gegenstrom.net\/wordpress\/2009\/08\/28\/nazis-mit-privater-krankenversicherung\/","title":{"rendered":"Nazis mit privater Krankenversicherung"},"content":{"rendered":"<p>In den USA beschuldigen die rechtsextremen Republikaner Pr\u00e4sident Obama mit seinen Pl\u00e4nen, eine staatliche Krankenversicherung f\u00fcr alle B\u00fcrger einzuf\u00fchren, den Sozialismus zu bef\u00f6rdern &#8211; und zeichnen ihn gleichzeitig auf Fotos mit Hitler-B\u00e4rtchen, um ihn als angeblichen &#8222;National-Sozialisten&#8220; zu diffamieren.<\/p>\n<p>Wie die <a href=\"http:\/\/www.heise.de\/tp\/blogs\/8\/144434\" target=\"_blank\">&#8222;telepolis&#8220;<\/a> jetzt herausfand, ist die amerikanische Rechte damit aber auf dem Holzweg. Gerade die Nazis waren heftige Anh\u00e4nger der privaten Versicherungswirtschaft &#8211; so wurde etwa der Generaldirektor des Allianz-Konzerns 1934 Wirtschaftsminister in Hitlers Kabinett (nachdem er 1931 bereits 5 Millionen f\u00fcr den Kampf von G\u00f6rings SA gegen &#8222;Links&#8220; gespendet hatte). Schmitt sorgte daf\u00fcr, dass die gemeinwirtschaftlichen Krankenversicherungs-Konkurrenz der Privatkassen vom Markt verschwand.<\/p>\n<p>Noch etwas \u00fcbersehen die rechten Republikaner: Sie behaupten, Obamas Gesundheitsreform f\u00f6rdere Zwangst\u00f6tungsprogramme. Auch hier sind eher die Nazis und ihre Freunde aus der privaten Krankenversicherung die Leitbilder: Gerd Wagner, der Pate des Euthanasie-Programms der Nazis war bei der DKV angestellt.<\/p>\n<p>Und die &#8222;Privaten&#8220; zeigten viel mehr als nur Gehorsam gegen\u00fcber den Nazis. So strichen diese Kassen die Erstattung von Rechnungen, die bei der Behandlung in Praxen von &#8222;j\u00fcdischen&#8220; und &#8222;kommunistischen&#8220; \u00c4rzten entstanden waren &#8211; obwohl sogar der Nazi-Staatsapparat dagegen war. Getroffen wurden damit \u00fcbrigens nicht die \u00c4rzte selbst, sondern die Patienten &#8211; auch wenn sie &#8222;Arier&#8220; waren.<\/p>\n","protected":false},"excerpt":{"rendered":"<p>In den USA beschuldigen die rechtsextremen Republikaner Pr\u00e4sident Obama mit seinen Pl\u00e4nen, eine staatliche Krankenversicherung f\u00fcr alle B\u00fcrger einzuf\u00fchren, den Sozialismus zu bef\u00f6rdern &#8211; und zeichnen ihn gleichzeitig auf Fotos mit Hitler-B\u00e4rtchen, um ihn als angeblichen &#8222;National-Sozialisten&#8220; zu diffamieren. Wie die &#8222;telepolis&#8220; jetzt herausfand, ist die amerikanische Rechte damit aber auf dem Holzweg. Gerade die [&hellip;]<\/p>\n","protected":false},"author":1,"featured_media":0,"comment_status":"open","ping_status":"closed","sticky":false,"template":"","format":"standard","meta":{"footnotes":""},"categories":[166],"tags":[277,456,411,455,113],"class_list":["post-529","post","type-post","status-publish","format-standard","hentry","category-kurioses","tag-allianz","tag-dkv","tag-krankenversicherung","tag-nazis","tag-usa"],"_links":{"self":[{"href":"https:\/\/www.gegenstrom.net\/wordpress\/wp-json\/wp\/v2\/posts\/529"}],"collection":[{"href":"https:\/\/www.gegenstrom.net\/wordpress\/wp-json\/wp\/v2\/posts"}],"about":[{"href":"https:\/\/www.gegenstrom.net\/wordpress\/wp-json\/wp\/v2\/types\/post"}],"author":[{"embeddable":true,"href":"https:\/\/www.gegenstrom.net\/wordpress\/wp-json\/wp\/v2\/users\/1"}],"replies":[{"embeddable":true,"href":"https:\/\/www.gegenstrom.net\/wordpress\/wp-json\/wp\/v2\/comments?post=529"}],"version-history":[{"count":1,"href":"https:\/\/www.gegenstrom.net\/wordpress\/wp-json\/wp\/v2\/posts\/529\/revisions"}],"predecessor-version":[{"id":530,"href":"https:\/\/www.gegenstrom.net\/wordpress\/wp-json\/wp\/v2\/posts\/529\/revisions\/530"}],"wp:attachment":[{"href":"https:\/\/www.gegenstrom.net\/wordpress\/wp-json\/wp\/v2\/media?parent=529"}],"wp:term":[{"taxonomy":"category","embeddable":true,"href":"https:\/\/www.gegenstrom.net\/wordpress\/wp-json\/wp\/v2\/categories?post=529"},{"taxonomy":"post_tag","embeddable":true,"href":"https:\/\/www.gegenstrom.net\/wordpress\/wp-json\/wp\/v2\/tags?post=529"}],"curies":[{"name":"wp","href":"https:\/\/api.w.org\/{rel}","templated":true}]}}