{"id":331,"date":"2009-07-01T23:55:25","date_gmt":"2009-07-01T21:55:25","guid":{"rendered":"http:\/\/www.gegenstrom.net\/wordpress\/?p=331"},"modified":"2009-07-01T23:55:25","modified_gmt":"2009-07-01T21:55:25","slug":"hartz-v-kommt","status":"publish","type":"post","link":"https:\/\/www.gegenstrom.net\/wordpress\/2009\/07\/01\/hartz-v-kommt\/","title":{"rendered":"Hartz V kommt"},"content":{"rendered":"<p>Ausgerechnet beim vorbestraften (Untreue und Beg\u00fcnstigung von Betriebsr\u00e4ten) Erfinder der Hartz-Gesetze, Peter Hartz, entdeckt die CSU ihre christsoziale Ader und will den Straft\u00e4ter resozialisieren. Und wie die ganze neoliberale Truppe zeigt sich auch der Schr\u00f6der-Freund und Ex-VW-Personalvorstand nicht nur keine Reue, sondern macht frech weiter.<\/p>\n<p>Diesmal mit einer wirren Idee, die die S\u00fcddeutsche Zeitung (1.7.2009) als &#8222;Hartz V&#8220; deutet. In Fortentwicklung der l\u00e4ngst gescheiterten &#8222;Ich-AG&#8220; will Hartz die Hartz IV Empf\u00e4nger wieder zu Kleinunternehmern machen. Das wirre daran, sind &#8222;Netzwerke von Minipreneuren&#8220; aus erwerbslosen Ich-AG&#8217;lern (Hartz IV Empf\u00e4ngern) und Arbeitnehmern.<\/p>\n<p>Aber Hartz unterstellte den Hartz IV Empf\u00e4ngern auf jeden Fall noch einmal &#8222;latente Passivit\u00e4t&#8220;. Der kriminelle Erfinder der Entw\u00fcrdigung des Menschen durch Hartz IV bleibt sich treu.<\/p>\n","protected":false},"excerpt":{"rendered":"<p>Ausgerechnet beim vorbestraften (Untreue und Beg\u00fcnstigung von Betriebsr\u00e4ten) Erfinder der Hartz-Gesetze, Peter Hartz, entdeckt die CSU ihre christsoziale Ader und will den Straft\u00e4ter resozialisieren. Und wie die ganze neoliberale Truppe zeigt sich auch der Schr\u00f6der-Freund und Ex-VW-Personalvorstand nicht nur keine Reue, sondern macht frech weiter. Diesmal mit einer wirren Idee, die die S\u00fcddeutsche Zeitung (1.7.2009) [&hellip;]<\/p>\n","protected":false},"author":1,"featured_media":0,"comment_status":"open","ping_status":"closed","sticky":false,"template":"","format":"standard","meta":{"footnotes":""},"categories":[5,4],"tags":[23,328,326,8,327,325,14],"class_list":["post-331","post","type-post","status-publish","format-standard","hentry","category-ansagen","category-ueberfluessige","tag-csu","tag-fordern","tag-gerhard-schroder","tag-hartz-iv","tag-ich-ag","tag-peter-hartz","tag-vw"],"_links":{"self":[{"href":"https:\/\/www.gegenstrom.net\/wordpress\/wp-json\/wp\/v2\/posts\/331"}],"collection":[{"href":"https:\/\/www.gegenstrom.net\/wordpress\/wp-json\/wp\/v2\/posts"}],"about":[{"href":"https:\/\/www.gegenstrom.net\/wordpress\/wp-json\/wp\/v2\/types\/post"}],"author":[{"embeddable":true,"href":"https:\/\/www.gegenstrom.net\/wordpress\/wp-json\/wp\/v2\/users\/1"}],"replies":[{"embeddable":true,"href":"https:\/\/www.gegenstrom.net\/wordpress\/wp-json\/wp\/v2\/comments?post=331"}],"version-history":[{"count":1,"href":"https:\/\/www.gegenstrom.net\/wordpress\/wp-json\/wp\/v2\/posts\/331\/revisions"}],"predecessor-version":[{"id":332,"href":"https:\/\/www.gegenstrom.net\/wordpress\/wp-json\/wp\/v2\/posts\/331\/revisions\/332"}],"wp:attachment":[{"href":"https:\/\/www.gegenstrom.net\/wordpress\/wp-json\/wp\/v2\/media?parent=331"}],"wp:term":[{"taxonomy":"category","embeddable":true,"href":"https:\/\/www.gegenstrom.net\/wordpress\/wp-json\/wp\/v2\/categories?post=331"},{"taxonomy":"post_tag","embeddable":true,"href":"https:\/\/www.gegenstrom.net\/wordpress\/wp-json\/wp\/v2\/tags?post=331"}],"curies":[{"name":"wp","href":"https:\/\/api.w.org\/{rel}","templated":true}]}}