{"id":2644,"date":"2012-08-01T11:26:23","date_gmt":"2012-08-01T09:26:23","guid":{"rendered":"http:\/\/www.gegenstrom.net\/wordpress\/?p=2644"},"modified":"2012-08-01T11:26:23","modified_gmt":"2012-08-01T09:26:23","slug":"manager-will-gewerkschafter-ausrotten","status":"publish","type":"post","link":"https:\/\/www.gegenstrom.net\/wordpress\/2012\/08\/01\/manager-will-gewerkschafter-ausrotten\/","title":{"rendered":"Manager will Gewerkschafter ausrotten"},"content":{"rendered":"<p>\u00dcber Twitter verbreitete der Fu\u00dfballmanager Pedro Duarte von der Firma &#8222;New Media Real Madrid&#8220; seine faschistischen Ansichten: Zum Generalstreik in Spanien fiel ihm ein, Gewerkschaften m\u00fcssten &#8222;ausgerottet&#8220;, ihre Mitglieder &#8222;an die Wand gestellt&#8220; werden, da sie &#8222;Abschaum&#8220; seien.<\/p>\n<p>&#8222;Wir organisieren uns, um sie fertig zu machen&#8220; twitterte der Manager, der gleichzeitig Universtit\u00e4tsprofessor ist, an seine Studenten. Man kann nun diesen Vorfall als Einzelfall abtun, als Gew\u00fcrge eines erkl\u00e4rten Hitler-Anh\u00e4ngers. Angesichts der Tatsache, dass in Spanien die rechtsextreme Regierung der faschistischen Nachfolgepartei PP den Aufruf zu Generalstreiks strafrechtlich verfolgbar machte und angesichts der Tatsache, dass die &#8222;Troika&#8220; aus EU-Kommission, europ\u00e4ischer Zentralbank und Weltw\u00e4hrungsfonds bei ihren &#8222;Hilfsprogrammen&#8220; gro\u00dfen Wert darauf legt, dass Gewerkschaftsbet\u00e4tigung eingeschr\u00e4nkt wird, um freie Bahn f\u00fcr Lohnsenkung und Rentenk\u00fcrzung zu bekommen sagt hier nur einer ganz ehrlich, was die gro\u00dfe Mehrheit der globalisierten Wirtschaftselite denkt.<\/p>\n<p><em>Quelle: <a href=\"http:\/\/www.heise.de\/tp\/blogs\/8\/151841\" target=\"_blank\">telepolis<\/a>, 20.4.2012<\/em><\/p>\n","protected":false},"excerpt":{"rendered":"<p>\u00dcber Twitter verbreitete der Fu\u00dfballmanager Pedro Duarte von der Firma &#8222;New Media Real Madrid&#8220; seine faschistischen Ansichten: Zum Generalstreik in Spanien fiel ihm ein, Gewerkschaften m\u00fcssten &#8222;ausgerottet&#8220;, ihre Mitglieder &#8222;an die Wand gestellt&#8220; werden, da sie &#8222;Abschaum&#8220; seien. &#8222;Wir organisieren uns, um sie fertig zu machen&#8220; twitterte der Manager, der gleichzeitig Universtit\u00e4tsprofessor ist, an seine [&hellip;]<\/p>\n","protected":false},"author":1,"featured_media":0,"comment_status":"open","ping_status":"closed","sticky":false,"template":"","format":"standard","meta":{"footnotes":""},"categories":[5],"tags":[1238,94,159,636],"class_list":["post-2644","post","type-post","status-publish","format-standard","hentry","category-ansagen","tag-faschismus","tag-gewerkschaften","tag-manager","tag-spanien"],"_links":{"self":[{"href":"https:\/\/www.gegenstrom.net\/wordpress\/wp-json\/wp\/v2\/posts\/2644"}],"collection":[{"href":"https:\/\/www.gegenstrom.net\/wordpress\/wp-json\/wp\/v2\/posts"}],"about":[{"href":"https:\/\/www.gegenstrom.net\/wordpress\/wp-json\/wp\/v2\/types\/post"}],"author":[{"embeddable":true,"href":"https:\/\/www.gegenstrom.net\/wordpress\/wp-json\/wp\/v2\/users\/1"}],"replies":[{"embeddable":true,"href":"https:\/\/www.gegenstrom.net\/wordpress\/wp-json\/wp\/v2\/comments?post=2644"}],"version-history":[{"count":2,"href":"https:\/\/www.gegenstrom.net\/wordpress\/wp-json\/wp\/v2\/posts\/2644\/revisions"}],"predecessor-version":[{"id":2646,"href":"https:\/\/www.gegenstrom.net\/wordpress\/wp-json\/wp\/v2\/posts\/2644\/revisions\/2646"}],"wp:attachment":[{"href":"https:\/\/www.gegenstrom.net\/wordpress\/wp-json\/wp\/v2\/media?parent=2644"}],"wp:term":[{"taxonomy":"category","embeddable":true,"href":"https:\/\/www.gegenstrom.net\/wordpress\/wp-json\/wp\/v2\/categories?post=2644"},{"taxonomy":"post_tag","embeddable":true,"href":"https:\/\/www.gegenstrom.net\/wordpress\/wp-json\/wp\/v2\/tags?post=2644"}],"curies":[{"name":"wp","href":"https:\/\/api.w.org\/{rel}","templated":true}]}}