{"id":2154,"date":"2011-03-31T15:16:02","date_gmt":"2011-03-31T13:16:02","guid":{"rendered":"http:\/\/www.gegenstrom.net\/wordpress\/?p=2154"},"modified":"2011-03-31T15:16:02","modified_gmt":"2011-03-31T13:16:02","slug":"nach-dem-wahlkampfmanover","status":"publish","type":"post","link":"https:\/\/www.gegenstrom.net\/wordpress\/2011\/03\/31\/nach-dem-wahlkampfmanover\/","title":{"rendered":"Nach dem Wahlkampfman\u00f6ver"},"content":{"rendered":"<p>Rainer Br\u00fcderle hatte ja so recht: Es geht und ging um (wahltaktische) Beruhigung der atomkritischen deutschen Bev\u00f6lkerungen, um den Atomkraftwerksbetreibern so lange wie m\u00f6glich die Gewinne von t\u00e4glich einer Million Euro zu sichern, die ein abgeschriebenes Atomkraftwerk mindestens einbringt. Die Atom-Wende der Kanzlerin Angela Merkel ist nach wie vor zwar unglaubw\u00fcrdig, das ganze Man\u00f6ver &#8211; inklusive Personaldebatten in CDU und FDP nach den Landtagswahlen in Baden-W\u00fcrttemberg und Rheinland-Pfalz &#8211; dient aber nur dazu, den Blick der \u00d6ffentlichkeit weg zu lenken vom Thema Atomausstieg. Alle Volten werden nur geschlagen, um den 4 Atomkonzernen in Deutschland weiter die Gewinne zu sichern &#8211; so lange wie irgend m\u00f6glich.<\/p>\n","protected":false},"excerpt":{"rendered":"<p>Rainer Br\u00fcderle hatte ja so recht: Es geht und ging um (wahltaktische) Beruhigung der atomkritischen deutschen Bev\u00f6lkerungen, um den Atomkraftwerksbetreibern so lange wie m\u00f6glich die Gewinne von t\u00e4glich einer Million Euro zu sichern, die ein abgeschriebenes Atomkraftwerk mindestens einbringt. Die Atom-Wende der Kanzlerin Angela Merkel ist nach wie vor zwar unglaubw\u00fcrdig, das ganze Man\u00f6ver &#8211; [&hellip;]<\/p>\n","protected":false},"author":1,"featured_media":0,"comment_status":"open","ping_status":"closed","sticky":false,"template":"","format":"standard","meta":{"footnotes":""},"categories":[480,979],"tags":[598,22,24,936],"class_list":["post-2154","post","type-post","status-publish","format-standard","hentry","category-polittheater","category-strahlende-zukunft","tag-angela-merkel","tag-cdu","tag-fdp","tag-rainer-bruderle"],"_links":{"self":[{"href":"https:\/\/www.gegenstrom.net\/wordpress\/wp-json\/wp\/v2\/posts\/2154"}],"collection":[{"href":"https:\/\/www.gegenstrom.net\/wordpress\/wp-json\/wp\/v2\/posts"}],"about":[{"href":"https:\/\/www.gegenstrom.net\/wordpress\/wp-json\/wp\/v2\/types\/post"}],"author":[{"embeddable":true,"href":"https:\/\/www.gegenstrom.net\/wordpress\/wp-json\/wp\/v2\/users\/1"}],"replies":[{"embeddable":true,"href":"https:\/\/www.gegenstrom.net\/wordpress\/wp-json\/wp\/v2\/comments?post=2154"}],"version-history":[{"count":2,"href":"https:\/\/www.gegenstrom.net\/wordpress\/wp-json\/wp\/v2\/posts\/2154\/revisions"}],"predecessor-version":[{"id":2156,"href":"https:\/\/www.gegenstrom.net\/wordpress\/wp-json\/wp\/v2\/posts\/2154\/revisions\/2156"}],"wp:attachment":[{"href":"https:\/\/www.gegenstrom.net\/wordpress\/wp-json\/wp\/v2\/media?parent=2154"}],"wp:term":[{"taxonomy":"category","embeddable":true,"href":"https:\/\/www.gegenstrom.net\/wordpress\/wp-json\/wp\/v2\/categories?post=2154"},{"taxonomy":"post_tag","embeddable":true,"href":"https:\/\/www.gegenstrom.net\/wordpress\/wp-json\/wp\/v2\/tags?post=2154"}],"curies":[{"name":"wp","href":"https:\/\/api.w.org\/{rel}","templated":true}]}}