{"id":1764,"date":"2010-09-17T11:24:11","date_gmt":"2010-09-17T09:24:11","guid":{"rendered":"http:\/\/www.gegenstrom.net\/wordpress\/?p=1764"},"modified":"2010-09-17T11:24:11","modified_gmt":"2010-09-17T09:24:11","slug":"2-euro-sind-viel-geld","status":"publish","type":"post","link":"https:\/\/www.gegenstrom.net\/wordpress\/2010\/09\/17\/2-euro-sind-viel-geld\/","title":{"rendered":"2 Euro sind viel Geld"},"content":{"rendered":"<p>Arbeitsministerin Ursula von der Leyen spart Milliarden bei den Hartz-IV-Empf\u00e4ngern. Unter anderem werden ab sofort den Langzeitarbeitslosen und Armen jene Rentenbeitr\u00e4ge vorenthalten, die aus einem Jahr Hartz IV Bezug einen Rentenanspruch von 2 Euro monatlich machen. Aus Sicht der Ministerin ein l\u00e4cherlicher Betrag. In der &#8222;telepolis&#8220; hat jedoch Bettina Winsenmann <a href=\"http:\/\/www.heise.de\/tp\/blogs\/5\/148385\">vorgerechnet<\/a> was das f\u00fcr die Armen konkret bedeutet.<br \/>\nDie 2 Euro monatlich sind unter anderem der Betrag, der Hartz IV Beziehern reichen soll, um alle 12 1\/2 Jahre eine neue Waschmaschine kaufen zu k\u00f6nnen &#8211; oder ein gr\u00f6\u00dferer Teil jener 2,79 Euro, die Arbeitslosengeld-II-Beziehern monatlich f\u00fcr Kleinreparaturen in der Wohnung reichen m\u00fcssen &#8211; oder die H\u00e4lfte des t\u00e4glichen Betrags f\u00fcr Essen, Tabak und Alkohol.<\/p>\n","protected":false},"excerpt":{"rendered":"<p>Arbeitsministerin Ursula von der Leyen spart Milliarden bei den Hartz-IV-Empf\u00e4ngern. Unter anderem werden ab sofort den Langzeitarbeitslosen und Armen jene Rentenbeitr\u00e4ge vorenthalten, die aus einem Jahr Hartz IV Bezug einen Rentenanspruch von 2 Euro monatlich machen. Aus Sicht der Ministerin ein l\u00e4cherlicher Betrag. In der &#8222;telepolis&#8220; hat jedoch Bettina Winsenmann vorgerechnet was das f\u00fcr die [&hellip;]<\/p>\n","protected":false},"author":1,"featured_media":0,"comment_status":"open","ping_status":"closed","sticky":false,"template":"","format":"standard","meta":{"footnotes":""},"categories":[4],"tags":[8,931],"class_list":["post-1764","post","type-post","status-publish","format-standard","hentry","category-ueberfluessige","tag-hartz-iv","tag-ursula-von-der-leyen"],"_links":{"self":[{"href":"https:\/\/www.gegenstrom.net\/wordpress\/wp-json\/wp\/v2\/posts\/1764"}],"collection":[{"href":"https:\/\/www.gegenstrom.net\/wordpress\/wp-json\/wp\/v2\/posts"}],"about":[{"href":"https:\/\/www.gegenstrom.net\/wordpress\/wp-json\/wp\/v2\/types\/post"}],"author":[{"embeddable":true,"href":"https:\/\/www.gegenstrom.net\/wordpress\/wp-json\/wp\/v2\/users\/1"}],"replies":[{"embeddable":true,"href":"https:\/\/www.gegenstrom.net\/wordpress\/wp-json\/wp\/v2\/comments?post=1764"}],"version-history":[{"count":1,"href":"https:\/\/www.gegenstrom.net\/wordpress\/wp-json\/wp\/v2\/posts\/1764\/revisions"}],"predecessor-version":[{"id":1765,"href":"https:\/\/www.gegenstrom.net\/wordpress\/wp-json\/wp\/v2\/posts\/1764\/revisions\/1765"}],"wp:attachment":[{"href":"https:\/\/www.gegenstrom.net\/wordpress\/wp-json\/wp\/v2\/media?parent=1764"}],"wp:term":[{"taxonomy":"category","embeddable":true,"href":"https:\/\/www.gegenstrom.net\/wordpress\/wp-json\/wp\/v2\/categories?post=1764"},{"taxonomy":"post_tag","embeddable":true,"href":"https:\/\/www.gegenstrom.net\/wordpress\/wp-json\/wp\/v2\/tags?post=1764"}],"curies":[{"name":"wp","href":"https:\/\/api.w.org\/{rel}","templated":true}]}}