{"id":1714,"date":"2010-08-31T06:45:14","date_gmt":"2010-08-31T04:45:14","guid":{"rendered":"http:\/\/www.gegenstrom.net\/wordpress\/?p=1714"},"modified":"2010-08-31T06:45:14","modified_gmt":"2010-08-31T04:45:14","slug":"volksverhetzer-sarrazin","status":"publish","type":"post","link":"https:\/\/www.gegenstrom.net\/wordpress\/2010\/08\/31\/volksverhetzer-sarrazin\/","title":{"rendered":"Volksverhetzer Sarrazin"},"content":{"rendered":"<p>Gestern beherrschten die Bilder der Buchvorstellung von Thilo Sarrazin die Fernsehnachrichten &#8211; und seit Wochen machen alle b\u00fcrgerlichen Medien, voran &#8222;Der Spiegel&#8220;, viel Werbung f\u00fcr diesen Volksverhetzer (noch mit SPD-Parteibuch und von der SPD auf den gut dotierten H\u00f6chst-Beamtenposten eines Bundesbank-Vorstandsmitglieds gehoben). Bei der Sarrazin-Werbung, die begleitet ist von halbherzigen Distanzierungen der Werbetreibenden Medien fehlt eine ernsthafte Auseinandersetzung mit Sarrazins sozialdarwinistischem Rassismus. Den hat jetzt die &#8222;telepolis&#8220; in diesem <a href=\"http:\/\/www.heise.de\/tp\/r4\/artikel\/33\/33219\/1.html\" target=\"_blank\">Artikel<\/a> geliefert.<\/p>\n<p>Es wird gezeigt, dass die populistischen Vorurteile, die Sarrazin verbreitet nicht nur keine wissenschaftlich belegte Grundlage haben, sondern dass sie vor allem dazu dienen, das Spardiktat zu rechtfertigen, das derzeit den Armen die Lebensgrundlagen entzieht.<\/p>\n","protected":false},"excerpt":{"rendered":"<p>Gestern beherrschten die Bilder der Buchvorstellung von Thilo Sarrazin die Fernsehnachrichten &#8211; und seit Wochen machen alle b\u00fcrgerlichen Medien, voran &#8222;Der Spiegel&#8220;, viel Werbung f\u00fcr diesen Volksverhetzer (noch mit SPD-Parteibuch und von der SPD auf den gut dotierten H\u00f6chst-Beamtenposten eines Bundesbank-Vorstandsmitglieds gehoben). Bei der Sarrazin-Werbung, die begleitet ist von halbherzigen Distanzierungen der Werbetreibenden Medien fehlt [&hellip;]<\/p>\n","protected":false},"author":1,"featured_media":0,"comment_status":"open","ping_status":"closed","sticky":false,"template":"","format":"standard","meta":{"footnotes":""},"categories":[5],"tags":[242,919,759],"class_list":["post-1714","post","type-post","status-publish","format-standard","hentry","category-ansagen","tag-rassismus","tag-sozialdarwinismus","tag-thilo-sarrazin"],"_links":{"self":[{"href":"https:\/\/www.gegenstrom.net\/wordpress\/wp-json\/wp\/v2\/posts\/1714"}],"collection":[{"href":"https:\/\/www.gegenstrom.net\/wordpress\/wp-json\/wp\/v2\/posts"}],"about":[{"href":"https:\/\/www.gegenstrom.net\/wordpress\/wp-json\/wp\/v2\/types\/post"}],"author":[{"embeddable":true,"href":"https:\/\/www.gegenstrom.net\/wordpress\/wp-json\/wp\/v2\/users\/1"}],"replies":[{"embeddable":true,"href":"https:\/\/www.gegenstrom.net\/wordpress\/wp-json\/wp\/v2\/comments?post=1714"}],"version-history":[{"count":2,"href":"https:\/\/www.gegenstrom.net\/wordpress\/wp-json\/wp\/v2\/posts\/1714\/revisions"}],"predecessor-version":[{"id":1716,"href":"https:\/\/www.gegenstrom.net\/wordpress\/wp-json\/wp\/v2\/posts\/1714\/revisions\/1716"}],"wp:attachment":[{"href":"https:\/\/www.gegenstrom.net\/wordpress\/wp-json\/wp\/v2\/media?parent=1714"}],"wp:term":[{"taxonomy":"category","embeddable":true,"href":"https:\/\/www.gegenstrom.net\/wordpress\/wp-json\/wp\/v2\/categories?post=1714"},{"taxonomy":"post_tag","embeddable":true,"href":"https:\/\/www.gegenstrom.net\/wordpress\/wp-json\/wp\/v2\/tags?post=1714"}],"curies":[{"name":"wp","href":"https:\/\/api.w.org\/{rel}","templated":true}]}}