{"id":1648,"date":"2010-07-22T09:59:00","date_gmt":"2010-07-22T07:59:00","guid":{"rendered":"http:\/\/www.gegenstrom.net\/wordpress\/?p=1648"},"modified":"2010-07-22T09:59:00","modified_gmt":"2010-07-22T07:59:00","slug":"halb-verurteilter-mafioso","status":"publish","type":"post","link":"https:\/\/www.gegenstrom.net\/wordpress\/2010\/07\/22\/halb-verurteilter-mafioso\/","title":{"rendered":"Halb verurteilter Mafioso"},"content":{"rendered":"<p>Marcello Dell&#8217;Utri wurde verurteilt, jahrelang das Scharnier zwischen der Mafia-Organisation &#8222;Cosa nostra&#8220; und dem Wirtschaftsimperium von Staatschef Berlusconi gewesen zu sein. In schlechter Tradition folgte das Gericht in Palermo aber nicht dem Antrag der Staatsanw\u00e4lte Dell&#8217;Utri auch daf\u00fcr zu verurteilen, dass er mit dem Segen der Mafia Berlusconis Einstieg in die Politik vollzog.<\/p>\n<p>Dabei hat die politische Verstrickung der Christdemokraten von Giulio Andreotti und der Forza Italia von Silvio Berlusconi mit der Mafia dieselben Wurzeln. Denn die Mafia setzt immer auf die F\u00f6rderung &#8222;antikommunistischer&#8220; Parteien, um ihre M\u00e4rkte (Drogen, Prostitution, Arbeitssklaverei, illegale M\u00fcllbeseitigung, abgreifen \u00f6ffentlicher Baugelder, Betrug mit EU-Subventionen) zu sch\u00fctzen.<\/p>\n","protected":false},"excerpt":{"rendered":"<p>Marcello Dell&#8217;Utri wurde verurteilt, jahrelang das Scharnier zwischen der Mafia-Organisation &#8222;Cosa nostra&#8220; und dem Wirtschaftsimperium von Staatschef Berlusconi gewesen zu sein. In schlechter Tradition folgte das Gericht in Palermo aber nicht dem Antrag der Staatsanw\u00e4lte Dell&#8217;Utri auch daf\u00fcr zu verurteilen, dass er mit dem Segen der Mafia Berlusconis Einstieg in die Politik vollzog. Dabei hat [&hellip;]<\/p>\n","protected":false},"author":1,"featured_media":0,"comment_status":"open","ping_status":"closed","sticky":false,"template":"","format":"standard","meta":{"footnotes":""},"categories":[525],"tags":[169,244,894],"class_list":["post-1648","post","type-post","status-publish","format-standard","hentry","category-staatsversagen","tag-berlusconi","tag-italien","tag-mafia"],"_links":{"self":[{"href":"https:\/\/www.gegenstrom.net\/wordpress\/wp-json\/wp\/v2\/posts\/1648"}],"collection":[{"href":"https:\/\/www.gegenstrom.net\/wordpress\/wp-json\/wp\/v2\/posts"}],"about":[{"href":"https:\/\/www.gegenstrom.net\/wordpress\/wp-json\/wp\/v2\/types\/post"}],"author":[{"embeddable":true,"href":"https:\/\/www.gegenstrom.net\/wordpress\/wp-json\/wp\/v2\/users\/1"}],"replies":[{"embeddable":true,"href":"https:\/\/www.gegenstrom.net\/wordpress\/wp-json\/wp\/v2\/comments?post=1648"}],"version-history":[{"count":1,"href":"https:\/\/www.gegenstrom.net\/wordpress\/wp-json\/wp\/v2\/posts\/1648\/revisions"}],"predecessor-version":[{"id":1649,"href":"https:\/\/www.gegenstrom.net\/wordpress\/wp-json\/wp\/v2\/posts\/1648\/revisions\/1649"}],"wp:attachment":[{"href":"https:\/\/www.gegenstrom.net\/wordpress\/wp-json\/wp\/v2\/media?parent=1648"}],"wp:term":[{"taxonomy":"category","embeddable":true,"href":"https:\/\/www.gegenstrom.net\/wordpress\/wp-json\/wp\/v2\/categories?post=1648"},{"taxonomy":"post_tag","embeddable":true,"href":"https:\/\/www.gegenstrom.net\/wordpress\/wp-json\/wp\/v2\/tags?post=1648"}],"curies":[{"name":"wp","href":"https:\/\/api.w.org\/{rel}","templated":true}]}}