{"id":1388,"date":"2010-03-31T10:17:44","date_gmt":"2010-03-31T09:17:44","guid":{"rendered":"http:\/\/www.gegenstrom.net\/wordpress\/?p=1388"},"modified":"2010-03-31T10:17:44","modified_gmt":"2010-03-31T09:17:44","slug":"middelhoffs-vermogen","status":"publish","type":"post","link":"https:\/\/www.gegenstrom.net\/wordpress\/2010\/03\/31\/middelhoffs-vermogen\/","title":{"rendered":"Middelhoffs Verm\u00f6gen"},"content":{"rendered":"<p>Der Manager Thomas Middelhoff, der zuerst bei Bertelsmann t\u00e4tig war und dann beim pleite gegangenen Arcandor-Konzern hat jetzt gegen\u00fcber der &#8222;S\u00fcddeutschen Zeitung&#8220; seine <a href=\"http:\/\/www.sueddeutsche.de\/wirtschaft\/77\/507238\/text\/\" target=\"_blank\">Verm\u00f6gensverh\u00e4ltnisse<\/a> offengelegt. Middelhoff gegen den im Zusammenhang mit der Arcandor-Pleite auch die Staatsanwaltschaft ermittelt, tat diesen Schritt in die \u00d6ffentlichkeit offenbar, weil die Wirtschaftspr\u00fcfer der Kanzlei Deloitte, die im Auftrag der Bundesanstalt f\u00fcr Finanzdienstleistungen (Bafin) die Bank Sal. Oppenheim (von der Deutschen Bank \u00fcbernommene Privatbank) in einem Bericht feststellten, dass das Ehepaar Middelhoff bei der Bank Kredite von 107 Millionen Euro aufgenommen hatte, auf die eine &#8222;Wertberichtigung&#8220; von 37,4 Millionen Euro notwendig geworden war.<\/p>\n<p>Middelhoff wandte sich an die &#8222;S\u00fcddeutsche Zeitung&#8220; unter anderem mit dem Argument, dass er \u00fcber mehr als 50 Millionen Euro Festgelder verf\u00fcgte und die von Deloitte geforderte zus\u00e4tzliche Kreditsicherheit von 53 Millionen Euro mit 57 Millionen Euro sogar \u00fcbertroffen habe.<\/p>\n<p>Die Staatsanwaltschaft ermittelt gegen Middelhoff unter anderem, weil er Teilhaber von Immobilienfonds der Esch-Gruppe war, die Karstadt-Warenh\u00e4user vom Konzern kauften und &#8211; vermutlich \u00fcberteuert &#8211; an den Konzern zur\u00fcckvermieteten.<\/p>\n","protected":false},"excerpt":{"rendered":"<p>Der Manager Thomas Middelhoff, der zuerst bei Bertelsmann t\u00e4tig war und dann beim pleite gegangenen Arcandor-Konzern hat jetzt gegen\u00fcber der &#8222;S\u00fcddeutschen Zeitung&#8220; seine Verm\u00f6gensverh\u00e4ltnisse offengelegt. Middelhoff gegen den im Zusammenhang mit der Arcandor-Pleite auch die Staatsanwaltschaft ermittelt, tat diesen Schritt in die \u00d6ffentlichkeit offenbar, weil die Wirtschaftspr\u00fcfer der Kanzlei Deloitte, die im Auftrag der Bundesanstalt [&hellip;]<\/p>\n","protected":false},"author":1,"featured_media":0,"comment_status":"open","ping_status":"closed","sticky":false,"template":"","format":"standard","meta":{"footnotes":""},"categories":[5],"tags":[187,606,435,42,824,58,463,823],"class_list":["post-1388","post","type-post","status-publish","format-standard","hentry","category-ansagen","tag-arcandor","tag-bafin","tag-bertelsmann","tag-deutsche-bank","tag-josef-esch","tag-karstadt","tag-sal-oppenheim","tag-thomas-middelhoff"],"_links":{"self":[{"href":"https:\/\/www.gegenstrom.net\/wordpress\/wp-json\/wp\/v2\/posts\/1388"}],"collection":[{"href":"https:\/\/www.gegenstrom.net\/wordpress\/wp-json\/wp\/v2\/posts"}],"about":[{"href":"https:\/\/www.gegenstrom.net\/wordpress\/wp-json\/wp\/v2\/types\/post"}],"author":[{"embeddable":true,"href":"https:\/\/www.gegenstrom.net\/wordpress\/wp-json\/wp\/v2\/users\/1"}],"replies":[{"embeddable":true,"href":"https:\/\/www.gegenstrom.net\/wordpress\/wp-json\/wp\/v2\/comments?post=1388"}],"version-history":[{"count":1,"href":"https:\/\/www.gegenstrom.net\/wordpress\/wp-json\/wp\/v2\/posts\/1388\/revisions"}],"predecessor-version":[{"id":1389,"href":"https:\/\/www.gegenstrom.net\/wordpress\/wp-json\/wp\/v2\/posts\/1388\/revisions\/1389"}],"wp:attachment":[{"href":"https:\/\/www.gegenstrom.net\/wordpress\/wp-json\/wp\/v2\/media?parent=1388"}],"wp:term":[{"taxonomy":"category","embeddable":true,"href":"https:\/\/www.gegenstrom.net\/wordpress\/wp-json\/wp\/v2\/categories?post=1388"},{"taxonomy":"post_tag","embeddable":true,"href":"https:\/\/www.gegenstrom.net\/wordpress\/wp-json\/wp\/v2\/tags?post=1388"}],"curies":[{"name":"wp","href":"https:\/\/api.w.org\/{rel}","templated":true}]}}