{"id":1013,"date":"2009-12-21T08:12:20","date_gmt":"2009-12-21T07:12:20","guid":{"rendered":"http:\/\/www.gegenstrom.net\/wordpress\/?p=1013"},"modified":"2009-12-21T09:34:54","modified_gmt":"2009-12-21T08:34:54","slug":"steuerfreier-firmenkauf","status":"publish","type":"post","link":"https:\/\/www.gegenstrom.net\/wordpress\/2009\/12\/21\/steuerfreier-firmenkauf\/","title":{"rendered":"Steuerfreier Firmenkauf"},"content":{"rendered":"<blockquote><p><em>Kaufst Du Pleitefirma, zahlst Du keine Steuern<\/em><\/p><\/blockquote>\n<p>Der Journalist Friedrich K\u00fcppersbusch in seiner w\u00f6chentlichen taz-Kolumne (7.12.2009) \u00fcber das &#8222;Kleingedruckte&#8220; im &#8222;Wachstumsbeschleunigungsgesetz&#8220;. K\u00fcppersbusch bezieht sich dabei auf folgenden Teil des Gesetzestextes:<br \/>\n<em>&#8222;Bei Verlustabzugsbeschr\u00e4nkungen im Zuge des Mantelkaufs wird die zeitliche Befristung zur Verlustnutzung bei Anteils\u00fcbertragungen aufgehoben sowie der Abzug von Verlusten bei Umstrukturierungen innerhalb verbundender Unternehmen zugelassen werden.&#8220;<\/em><\/p>\n","protected":false},"excerpt":{"rendered":"<p>Kaufst Du Pleitefirma, zahlst Du keine Steuern Der Journalist Friedrich K\u00fcppersbusch in seiner w\u00f6chentlichen taz-Kolumne (7.12.2009) \u00fcber das &#8222;Kleingedruckte&#8220; im &#8222;Wachstumsbeschleunigungsgesetz&#8220;. K\u00fcppersbusch bezieht sich dabei auf folgenden Teil des Gesetzestextes: &#8222;Bei Verlustabzugsbeschr\u00e4nkungen im Zuge des Mantelkaufs wird die zeitliche Befristung zur Verlustnutzung bei Anteils\u00fcbertragungen aufgehoben sowie der Abzug von Verlusten bei Umstrukturierungen innerhalb verbundender Unternehmen [&hellip;]<\/p>\n","protected":false},"author":1,"featured_media":0,"comment_status":"open","ping_status":"closed","sticky":false,"template":"","format":"standard","meta":{"footnotes":""},"categories":[25],"tags":[653,651,652],"class_list":["post-1013","post","type-post","status-publish","format-standard","hentry","category-zumutungen","tag-firmen-mantel","tag-friedrich-kuppersbusch","tag-wachstumsbeschleunigungsgesetz"],"_links":{"self":[{"href":"https:\/\/www.gegenstrom.net\/wordpress\/wp-json\/wp\/v2\/posts\/1013"}],"collection":[{"href":"https:\/\/www.gegenstrom.net\/wordpress\/wp-json\/wp\/v2\/posts"}],"about":[{"href":"https:\/\/www.gegenstrom.net\/wordpress\/wp-json\/wp\/v2\/types\/post"}],"author":[{"embeddable":true,"href":"https:\/\/www.gegenstrom.net\/wordpress\/wp-json\/wp\/v2\/users\/1"}],"replies":[{"embeddable":true,"href":"https:\/\/www.gegenstrom.net\/wordpress\/wp-json\/wp\/v2\/comments?post=1013"}],"version-history":[{"count":3,"href":"https:\/\/www.gegenstrom.net\/wordpress\/wp-json\/wp\/v2\/posts\/1013\/revisions"}],"predecessor-version":[{"id":1015,"href":"https:\/\/www.gegenstrom.net\/wordpress\/wp-json\/wp\/v2\/posts\/1013\/revisions\/1015"}],"wp:attachment":[{"href":"https:\/\/www.gegenstrom.net\/wordpress\/wp-json\/wp\/v2\/media?parent=1013"}],"wp:term":[{"taxonomy":"category","embeddable":true,"href":"https:\/\/www.gegenstrom.net\/wordpress\/wp-json\/wp\/v2\/categories?post=1013"},{"taxonomy":"post_tag","embeddable":true,"href":"https:\/\/www.gegenstrom.net\/wordpress\/wp-json\/wp\/v2\/tags?post=1013"}],"curies":[{"name":"wp","href":"https:\/\/api.w.org\/{rel}","templated":true}]}}